{"id":2618,"date":"2020-07-15T00:00:00","date_gmt":"2020-07-15T00:00:00","guid":{"rendered":"https:\/\/www.nominaurea.pt\/noticias\/planos-prestacionais-pagamento-de-dois-tercos-das-contribuicoes-diferidas-a-seguranca-social\/"},"modified":"2025-10-22T07:22:59","modified_gmt":"2025-10-22T07:22:59","slug":"planos-prestacionais-pagamento-de-dois-tercos-das-contribuicoes-diferidas-a-seguranca-social","status":"publish","type":"post","link":"https:\/\/www.nominaurea.pt\/en\/noticias\/planos-prestacionais-pagamento-de-dois-tercos-das-contribuicoes-diferidas-a-seguranca-social\/","title":{"rendered":"Planos Prestacionais \u2013 pagamento de dois ter\u00e7os das contribui\u00e7\u00f5es diferidas \u00e0 Seguran\u00e7a Social"},"content":{"rendered":"<h5 class=\"bto-encabezamiento\">Flash Not\u00edcias NA 20\/2020<\/h5>\n<h5>Planos Prestacionais \u2013 pagamento de dois ter\u00e7os das contribui\u00e7\u00f5es diferidas \u00e0 Seguran\u00e7a Social<\/h5>\n<p style=\"text-align: justify;\">Encontra-se dispon\u00edvel, durante o m\u00eas de julho, a funcionalidade que permite registar o pedido de plano prestacional de regulariza\u00e7\u00e3o dos montantes de contribui\u00e7\u00f5es diferidas.<\/p>\n<p style=\"text-align: justify;\"><a target=\"_self\"><img decoding=\"async\" style=\"float: right; margin-left: 10px;\" src=\"images\/volver.png\" alt=\"Volver\" \/><\/a>Este plano prestacional permite:<\/p>\n<p style=\"text-align: justify; margin-left: 30px;\">\u2022\u00a0Aos trabalhadores independentes, que beneficiaram do pagamento de um ter\u00e7o das contribui\u00e7\u00f5es nos meses em que eram devidos proceder ao pagamento das restantes contribui\u00e7\u00f5es referentes aos meses de mar\u00e7o a maio de 2020.<\/p>\n<p style=\"text-align: justify; margin-left: 30px;\">\u2022\u00a0\u00c0s entidades empregadoras, que nos termos da lei possam beneficiar desta medida, proceder ao pagamento das restantes contribui\u00e7\u00f5es referentes aos meses de fevereiro a abril de 2020, ou mar\u00e7o a maio de 2020, desde que re\u00fanam as seguintes condi\u00e7\u00f5es:<\/p>\n<p style=\"text-align: justify; margin-left: 60px;\">&#8211; Tenha existido pagamento, dentro do prazo, de um ter\u00e7o das contribui\u00e7\u00f5es e da totalidade das cotiza\u00e7\u00f5es no m\u00eas em que eram devidas;<\/p>\n<p style=\"text-align: justify; margin-left: 60px;\">&#8211; Se beneficiou no per\u00edodo de mar\u00e7o a maio, a totalidade das contribui\u00e7\u00f5es respeitantes a fevereiro de 2020 ter\u00e1 que estar paga dentro do prazo;<\/p>\n<p style=\"text-align: justify; margin-left: 60px;\">&#8211; Se o pagamento do primeiro m\u00eas tiver sido efetuado fora de prazo, os respetivos juros de mora t\u00eam que estar pagos.<\/p>\n<p style=\"text-align: justify; margin-left: 60px;\">&#8211; O pagamento ser\u00e1 efetuado em presta\u00e7\u00f5es mensais e sucessivas, nos meses de julho a dezembro, sem juros de mora, vencendo-se a primeira presta\u00e7\u00e3o no final do m\u00eas de julho.<\/p>\n<p style=\"text-align: justify;\">Para registar o pedido de Acordo, na Seguran\u00e7a Social Direta, aceda ao separador Conta-corrente&gt; Pagamentos \u00e0 Seguran\u00e7a Social&gt; Planos Prestacionais&gt; Registar plano prestacional.<\/p>\n<p style=\"text-align: justify;\">De seguida, preencha os dados solicitados e confirme a simula\u00e7\u00e3o do plano pretendido.<\/p>\n<p style=\"text-align: justify;\">Depois de proceder ao registo, receber\u00e1 na sua caixa de mensagens da Seguran\u00e7a Social Direta a confirma\u00e7\u00e3o da autoriza\u00e7\u00e3o do plano prestacional.<\/p>\n<p style=\"text-align: justify;\">Na NOMINAUREA estamos dispon\u00edveis para apoi\u00e1-lo no cumprimento das obriga\u00e7\u00f5es junto da Seguran\u00e7a Social. Aguardamos o seu contacto!<\/p>\n","protected":false},"excerpt":{"rendered":"<p>Flash Not\u00edcias NA 20\/2020 Planos Prestacionais \u2013 pagamento de dois ter\u00e7os das contribui\u00e7\u00f5es diferidas \u00e0 Seguran\u00e7a Social Encontra-se dispon\u00edvel, durante o m\u00eas de julho, a funcionalidade que permite registar o pedido de plano prestacional de regulariza\u00e7\u00e3o dos montantes de contribui\u00e7\u00f5es diferidas. Este plano prestacional permite: \u2022\u00a0Aos trabalhadores independentes, que beneficiaram do pagamento de um ter\u00e7o [&hellip;]<\/p>\n","protected":false},"author":2,"featured_media":0,"comment_status":"closed","ping_status":"open","sticky":false,"template":"","format":"standard","meta":{"footnotes":""},"categories":[1],"tags":[],"class_list":["post-2618","post","type-post","status-publish","format-standard","hentry","category-publications"],"_links":{"self":[{"href":"https:\/\/www.nominaurea.pt\/en\/wp-json\/wp\/v2\/posts\/2618","targetHints":{"allow":["GET"]}}],"collection":[{"href":"https:\/\/www.nominaurea.pt\/en\/wp-json\/wp\/v2\/posts"}],"about":[{"href":"https:\/\/www.nominaurea.pt\/en\/wp-json\/wp\/v2\/types\/post"}],"author":[{"embeddable":true,"href":"https:\/\/www.nominaurea.pt\/en\/wp-json\/wp\/v2\/users\/2"}],"replies":[{"embeddable":true,"href":"https:\/\/www.nominaurea.pt\/en\/wp-json\/wp\/v2\/comments?post=2618"}],"version-history":[{"count":1,"href":"https:\/\/www.nominaurea.pt\/en\/wp-json\/wp\/v2\/posts\/2618\/revisions"}],"predecessor-version":[{"id":2642,"href":"https:\/\/www.nominaurea.pt\/en\/wp-json\/wp\/v2\/posts\/2618\/revisions\/2642"}],"wp:attachment":[{"href":"https:\/\/www.nominaurea.pt\/en\/wp-json\/wp\/v2\/media?parent=2618"}],"wp:term":[{"taxonomy":"category","embeddable":true,"href":"https:\/\/www.nominaurea.pt\/en\/wp-json\/wp\/v2\/categories?post=2618"},{"taxonomy":"post_tag","embeddable":true,"href":"https:\/\/www.nominaurea.pt\/en\/wp-json\/wp\/v2\/tags?post=2618"}],"curies":[{"name":"wp","href":"https:\/\/api.w.org\/{rel}","templated":true}]}}