{"id":2595,"date":"2020-07-17T00:00:00","date_gmt":"2020-07-17T00:00:00","guid":{"rendered":"https:\/\/www.nominaurea.pt\/noticias\/prazo-para-a-entrega-da-ies-prorrogado-ate-15-de-setembro\/"},"modified":"2025-10-22T07:14:09","modified_gmt":"2025-10-22T07:14:09","slug":"prazo-para-a-entrega-da-ies-prorrogado-ate-15-de-setembro","status":"publish","type":"post","link":"https:\/\/www.nominaurea.pt\/en\/noticias\/prazo-para-a-entrega-da-ies-prorrogado-ate-15-de-setembro\/","title":{"rendered":"Prazo para a entrega da IES prorrogado at\u00e9 15 de setembro"},"content":{"rendered":"<h5 class=\"bto-encabezamiento\">Flash Not\u00edcias NA 22\/2020<\/h5>\n<h5>Prazo para a entrega da IES prorrogado at\u00e9 15 de setembro<\/h5>\n<p style=\"text-align: justify;\">O governo prorrogou o prazo para a entrega pelas empresas da Informa\u00e7\u00e3o Empresarial Simplificada (IES\/DA) at\u00e9 15 de setembro.<\/p>\n<p style=\"text-align: justify;\"><a target=\"_self\"><img decoding=\"async\" style=\"float: right; margin-left: 10px;\" src=\"images\/volver.png\" alt=\"Volver\" \/><\/a>O prazo da submiss\u00e3o da IES\/DA j\u00e1 tinha sido prolongado at\u00e9 7 de agosto, mas um novo despacho do secret\u00e1rio de Estado dos Assuntos Fiscais, Ant\u00f3nio Mendon\u00e7a Mendes, vem agora dar mais tempo, at\u00e9 15 de setembro, para as empresas poderem cumprir esta obriga\u00e7\u00e3o declarativa, &#8220;sem quaisquer acr\u00e9scimos ou penalidades&#8221;.<\/p>\n<p style=\"text-align: justify;\">Entre os motivos deste novo prolongamento est\u00e1 a necessidade de assegurar a qualidade de reporte de dados, que servem de base \u00e0 informa\u00e7\u00e3o estat\u00edstica nacional e que, considera o secret\u00e1rio de Estado, poderia ser comprometida devido \u00e0s atuais circunst\u00e2ncias excecionais impostas pela pandemia de covid-19.<\/p>\n<p><img decoding=\"async\" style=\"display: block; margin-left: auto; margin-right: auto;\" src=\"publicaciones\/imagen_3.png\" alt=\"Prazo para a entrega da IES prorrogado at\u00e9 15 de setembro\" \/><\/p>\n","protected":false},"excerpt":{"rendered":"<p>Flash Not\u00edcias NA 22\/2020 Prazo para a entrega da IES prorrogado at\u00e9 15 de setembro O governo prorrogou o prazo para a entrega pelas empresas da Informa\u00e7\u00e3o Empresarial Simplificada (IES\/DA) at\u00e9 15 de setembro. O prazo da submiss\u00e3o da IES\/DA j\u00e1 tinha sido prolongado at\u00e9 7 de agosto, mas um novo despacho do secret\u00e1rio de [&hellip;]<\/p>\n","protected":false},"author":2,"featured_media":0,"comment_status":"closed","ping_status":"open","sticky":false,"template":"","format":"standard","meta":{"footnotes":""},"categories":[1],"tags":[],"class_list":["post-2595","post","type-post","status-publish","format-standard","hentry","category-publications"],"_links":{"self":[{"href":"https:\/\/www.nominaurea.pt\/en\/wp-json\/wp\/v2\/posts\/2595","targetHints":{"allow":["GET"]}}],"collection":[{"href":"https:\/\/www.nominaurea.pt\/en\/wp-json\/wp\/v2\/posts"}],"about":[{"href":"https:\/\/www.nominaurea.pt\/en\/wp-json\/wp\/v2\/types\/post"}],"author":[{"embeddable":true,"href":"https:\/\/www.nominaurea.pt\/en\/wp-json\/wp\/v2\/users\/2"}],"replies":[{"embeddable":true,"href":"https:\/\/www.nominaurea.pt\/en\/wp-json\/wp\/v2\/comments?post=2595"}],"version-history":[{"count":1,"href":"https:\/\/www.nominaurea.pt\/en\/wp-json\/wp\/v2\/posts\/2595\/revisions"}],"predecessor-version":[{"id":2614,"href":"https:\/\/www.nominaurea.pt\/en\/wp-json\/wp\/v2\/posts\/2595\/revisions\/2614"}],"wp:attachment":[{"href":"https:\/\/www.nominaurea.pt\/en\/wp-json\/wp\/v2\/media?parent=2595"}],"wp:term":[{"taxonomy":"category","embeddable":true,"href":"https:\/\/www.nominaurea.pt\/en\/wp-json\/wp\/v2\/categories?post=2595"},{"taxonomy":"post_tag","embeddable":true,"href":"https:\/\/www.nominaurea.pt\/en\/wp-json\/wp\/v2\/tags?post=2595"}],"curies":[{"name":"wp","href":"https:\/\/api.w.org\/{rel}","templated":true}]}}