{"id":2560,"date":"2021-01-04T00:00:00","date_gmt":"2021-01-04T00:00:00","guid":{"rendered":"https:\/\/www.nominaurea.pt\/noticias\/alargamento-ate-30-de-abril-de-2021-da-isencao-de-iva-nas-transmissoes-e-aquisicoes-intracomunitarias-de-bens-para-combater-os-efeitos-do-surto-de-covid-19\/"},"modified":"2025-10-21T15:47:59","modified_gmt":"2025-10-21T15:47:59","slug":"alargamento-ate-30-de-abril-de-2021-da-isencao-de-iva-nas-transmissoes-e-aquisicoes-intracomunitarias-de-bens-para-combater-os-efeitos-do-surto-de-covid-19","status":"publish","type":"post","link":"https:\/\/www.nominaurea.pt\/en\/noticias\/alargamento-ate-30-de-abril-de-2021-da-isencao-de-iva-nas-transmissoes-e-aquisicoes-intracomunitarias-de-bens-para-combater-os-efeitos-do-surto-de-covid-19\/","title":{"rendered":"Alargamento at\u00e9 30 de Abril de 2021 da Isen\u00e7\u00e3o de IVA nas transmiss\u00f5es e aquisi\u00e7\u00f5es intracomunit\u00e1rias de bens para combater os efeitos do surto de COVID-19"},"content":{"rendered":"<h5 class=\"bto-encabezamiento\">Flash Not\u00edcias NA 1\/2021<\/h5>\n<h5>Alargamento at\u00e9 30 de Abril de 2021 da Isen\u00e7\u00e3o de IVA nas transmiss\u00f5es e aquisi\u00e7\u00f5es intracomunit\u00e1rias de bens para combater os efeitos do surto de COVID-19<\/h5>\n<p style=\"text-align: justify;\">Anteriormente v\u00e1lida at\u00e9 31 de Outubro de 2020, o Secret\u00e1rio de Estado Adjunto e dos Assuntos Fiscais determinou, atrav\u00e9s do Despacho 450\/2020-XXII, o alargamento at\u00e9 30 de Abril de 2021 da Isen\u00e7\u00e3o de IVA nas transmiss\u00f5es e aquisi\u00e7\u00f5es intracomunit\u00e1rias de bens para combater os efeitos do surto de COVID-19.<\/p>\n<p style=\"text-align: justify;\"><a target=\"_self\"><img decoding=\"async\" style=\"float: right; margin-left: 10px;\" src=\"images\/volver.png\" alt=\"Volver\" \/><\/a>A Comiss\u00e3o Europeia, atrav\u00e9s da Decis\u00e3o (UE) 2020\/491 da Comiss\u00e3o de 3 de Abril de 2020, veio isentar de IVA as transmiss\u00f5es e aquisi\u00e7\u00f5es intracomunit\u00e1rias de bens para combater os efeitos do surto de COVID-19, tendo agora alargado esse prazo at\u00e9 30 de Abril de 2021 com a Decis\u00e3o (UE) 2020\/1573 da Comiss\u00e3o de 28 de Outubro de 2020.<\/p>\n<p style=\"text-align: justify;\">No seguimento desta decis\u00e3o da Comiss\u00e3o Europeia, a Proposta de Lei n\u00ba 61\/XIV do Governo, que aprova o Or\u00e7amento de Estado para 2021, inclu\u00ed no artigo 263\u00ba o alargamento at\u00e9 30 de Abril de 2021 da Isen\u00e7\u00e3o de IVA nas transmiss\u00f5es e aquisi\u00e7\u00f5es intracomunit\u00e1rias de bens para combater os efeitos do surto de COVID-19 realizadas pelo Estado e outros organismos p\u00fablicos ou por organiza\u00e7\u00f5es sem fins lucrativos.<\/p>\n<p style=\"text-align: justify;\">Deste modo, todas as transmiss\u00f5es e aquisi\u00e7\u00f5es intracomunit\u00e1rias de bens para combater os efeitos do surto de COVID-19 realizadas pelo Estado e outros organismos p\u00fablicos ou por organiza\u00e7\u00f5es sem fins lucrativos entre 30 de Janeiro de 2020 e 30 de Abril de 2021 est\u00e3o isentas de IVA.<\/p>\n<p style=\"text-align: justify;\">Na Nominaurea, estamos dispon\u00edveis para apoiar a sua empresa em todos os temas fundamentais para desenvolver a sua atividade, cumprindo sempre com todos os requisitos legais. Esperamos o seu contato!<\/p>\n","protected":false},"excerpt":{"rendered":"<p>Flash Not\u00edcias NA 1\/2021 Alargamento at\u00e9 30 de Abril de 2021 da Isen\u00e7\u00e3o de IVA nas transmiss\u00f5es e aquisi\u00e7\u00f5es intracomunit\u00e1rias de bens para combater os efeitos do surto de COVID-19 Anteriormente v\u00e1lida at\u00e9 31 de Outubro de 2020, o Secret\u00e1rio de Estado Adjunto e dos Assuntos Fiscais determinou, atrav\u00e9s do Despacho 450\/2020-XXII, o alargamento at\u00e9 [&hellip;]<\/p>\n","protected":false},"author":2,"featured_media":0,"comment_status":"closed","ping_status":"open","sticky":false,"template":"","format":"standard","meta":{"footnotes":""},"categories":[1],"tags":[],"class_list":["post-2560","post","type-post","status-publish","format-standard","hentry","category-publications"],"_links":{"self":[{"href":"https:\/\/www.nominaurea.pt\/en\/wp-json\/wp\/v2\/posts\/2560","targetHints":{"allow":["GET"]}}],"collection":[{"href":"https:\/\/www.nominaurea.pt\/en\/wp-json\/wp\/v2\/posts"}],"about":[{"href":"https:\/\/www.nominaurea.pt\/en\/wp-json\/wp\/v2\/types\/post"}],"author":[{"embeddable":true,"href":"https:\/\/www.nominaurea.pt\/en\/wp-json\/wp\/v2\/users\/2"}],"replies":[{"embeddable":true,"href":"https:\/\/www.nominaurea.pt\/en\/wp-json\/wp\/v2\/comments?post=2560"}],"version-history":[{"count":1,"href":"https:\/\/www.nominaurea.pt\/en\/wp-json\/wp\/v2\/posts\/2560\/revisions"}],"predecessor-version":[{"id":2581,"href":"https:\/\/www.nominaurea.pt\/en\/wp-json\/wp\/v2\/posts\/2560\/revisions\/2581"}],"wp:attachment":[{"href":"https:\/\/www.nominaurea.pt\/en\/wp-json\/wp\/v2\/media?parent=2560"}],"wp:term":[{"taxonomy":"category","embeddable":true,"href":"https:\/\/www.nominaurea.pt\/en\/wp-json\/wp\/v2\/categories?post=2560"},{"taxonomy":"post_tag","embeddable":true,"href":"https:\/\/www.nominaurea.pt\/en\/wp-json\/wp\/v2\/tags?post=2560"}],"curies":[{"name":"wp","href":"https:\/\/api.w.org\/{rel}","templated":true}]}}