{"id":2522,"date":"2021-03-25T00:00:00","date_gmt":"2021-03-25T00:00:00","guid":{"rendered":"https:\/\/www.nominaurea.pt\/noticias\/incentivo-fiscal-temporario-as-acoes-de-eficiencia-coletiva-na-promocao-externa\/"},"modified":"2025-10-21T15:36:17","modified_gmt":"2025-10-21T15:36:17","slug":"incentivo-fiscal-temporario-as-acoes-de-eficiencia-coletiva-na-promocao-externa","status":"publish","type":"post","link":"https:\/\/www.nominaurea.pt\/en\/noticias\/incentivo-fiscal-temporario-as-acoes-de-eficiencia-coletiva-na-promocao-externa\/","title":{"rendered":"Incentivo fiscal tempor\u00e1rio \u00e0s a\u00e7\u00f5es de efici\u00eancia coletiva na promo\u00e7\u00e3o externa"},"content":{"rendered":"<h5 class=\"bto-encabezamiento\">Flash Not\u00edcias NA 9\/2021<\/h5>\n<h5>Incentivo fiscal tempor\u00e1rio \u00e0s a\u00e7\u00f5es de efici\u00eancia coletiva na promo\u00e7\u00e3o externa<\/h5>\n<p style=\"text-align: justify;\">Incentivo para participa\u00e7\u00e3o conjunta em projetos de promo\u00e7\u00e3o externa<\/p>\n<p style=\"text-align: justify;\"><a target=\"_self\"><img decoding=\"async\" style=\"float: right; margin-left: 10px;\" src=\"images\/volver.png\" alt=\"Volver\" \/><\/a>A Portaria n.\u00ba 114\/2021 que regulamenta a atribui\u00e7\u00e3o do incentivo fiscal tempor\u00e1rio \u00e0s a\u00e7\u00f5es de efici\u00eancia coletiva na promo\u00e7\u00e3o externa, que foi publicada a 11 de mar\u00e7o de 2021, encontra-se consagrada na Lei do Or\u00e7amento do Estado para 2021 (Lei n.\u00ba 75-B\/2020 de 31 de dezembro).<\/p>\n<p style=\"text-align: justify;\">O presente incentivo vem estabelecer que as despesas suportadas por micro, pequenas ou m\u00e9dias empresas por sujeitos passivos de IRC residentes em territ\u00f3rio portugu\u00eas e os n\u00e3o residentes com estabelecimento est\u00e1vel nesse territ\u00f3rio, que exer\u00e7am a t\u00edtulo principal uma atividade de natureza comercial, industrial ou agr\u00edcola, no \u00e2mbito de participa\u00e7\u00e3o conjunta em projetos de promo\u00e7\u00e3o externa, concorrem para a determina\u00e7\u00e3o do lucro tribut\u00e1vel em valor correspondente a 110 % do total de despesas eleg\u00edveis incorridas nos per\u00edodos de tributa\u00e7\u00e3o de 2021 e 2022.<\/p>\n<p style=\"text-align: justify;\">As MPME s\u00e3o empresas com volume de neg\u00f3cios anual inferior a 50 milh\u00f5es de euros e menos de 250 trabalhadores, o que abrange mais de 300 mil empresas portuguesas. Mas destas s\u00f3 cerca de sete mil s\u00e3o m\u00e9dias empresas, sendo cerca de 40 mil pequenas, as quais t\u00eam menos de 50 trabalhadores e de 10 milh\u00f5es de euros de volume de neg\u00f3cios.<\/p>\n<p style=\"text-align: justify;\">Como exemplo de despesas: as realizadas com a participa\u00e7\u00e3o em feiras e exposi\u00e7\u00f5es no exterior, desde o arrendamento do espa\u00e7o \u00e0 constru\u00e7\u00e3o e funcionamento de um stand, incluindo gastos com alojamento e despesas de representa\u00e7\u00e3o, mas estas e outras despesas bem como os limites m\u00e1ximos encontram-se na referida Lei.<\/p>\n<p style=\"text-align: center;\"><strong>As Candidaturas<\/strong><\/p>\n<p style=\"text-align: justify;\">Podem ser submetidas a partir de 1 de janeiro e at\u00e9 ao final de fevereiro de cada ano ou at\u00e9 final do 2.\u00ba m\u00eas do respetivo per\u00edodo de tributa\u00e7\u00e3o, quando este n\u00e3o corresponda ao ano civil e devem ser apresentadas por via eletr\u00f3nica, atrav\u00e9s do preenchimento do formul\u00e1rio disponibilizado pela Ag\u00eancia para o Investimento e Com\u00e9rcio Externo de Portugal, E. P. E. (AICEP, E. P. E.), para o efeito.<\/p>\n<p style=\"text-align: center;\"><strong>Aprecia\u00e7\u00e3o das Candidaturas<\/strong><\/p>\n<p style=\"text-align: justify;\">Compete \u00e0 AICEP, a aprecia\u00e7\u00e3o das candidaturas que tem o dever de se prenunciar no prazo de 30 dias \u00fateis a contar da data do fecho das candidaturas, ficando obrigada a elaborar uma lista com todos os n\u00fameros de identifica\u00e7\u00e3o de pessoa coletiva (NIPC) dos sujeitos passivos cujas candidaturas foram aprovadas<\/p>\n<p style=\"text-align: center;\"><strong>Cumprimento de obriga\u00e7\u00f5es fiscais<\/strong><\/p>\n<p style=\"text-align: justify;\">Os sujeitos passivos cujas candidaturas foram aprovadas devem identificar adequadamente o incentivo fiscal na declara\u00e7\u00e3o Modelo 22 de IRC ou em outras obriga\u00e7\u00f5es fiscais aplic\u00e1veis.<\/p>\n<p style=\"text-align: center;\"><strong>Obriga\u00e7\u00f5es dos sujeitos passivos<\/strong><\/p>\n<p style=\"text-align: justify; padding-left: 30px;\">a) Disponibilizar todos os elementos que lhe forem solicitados pelas entidades competentes para efeitos de acompanhamento, controlo e fiscaliza\u00e7\u00e3o da atividade de promo\u00e7\u00e3o;<\/p>\n<p style=\"text-align: justify; padding-left: 30px;\">b) Comunicar \u00e0s entidades competentes qualquer altera\u00e7\u00e3o ou ocorr\u00eancia que ponha em causa os pressupostos relativos \u00e0 aprova\u00e7\u00e3o do benef\u00edcio;<\/p>\n<p style=\"text-align: justify; padding-left: 30px;\">c) Cumprir atempadamente as obriga\u00e7\u00f5es legais a que estejam vinculados, designadamente as tribut\u00e1rias e contributivas;<\/p>\n<p style=\"text-align: justify; padding-left: 30px;\">d) Manter as condi\u00e7\u00f5es legais necess\u00e1rias ao exerc\u00edcio da respetiva atividade, nomeadamente quanto \u00e0 sua situa\u00e7\u00e3o em mat\u00e9ria de licenciamento.<\/p>\n<p style=\"text-align: center;\"><strong>Comunica\u00e7\u00f5es<\/strong><\/p>\n<p style=\"text-align: justify;\">Sem preju\u00edzo do protocolo a celebrar entre as entidades envolvidas, a AICEP fica obrigada a comunicar \u00e0 Autoridade Tribut\u00e1ria e Aduaneira (AT), por via eletr\u00f3nica, a lista dos NIPC dos sujeitos passivos cujas candidaturas foram aprovadas, at\u00e9 ao fim do m\u00eas de abril de cada ano ou at\u00e9 ao fim do quarto m\u00eas do per\u00edodo de tributa\u00e7\u00e3o, quando este n\u00e3o corresponda ao ano civil.<\/p>\n<p style=\"text-align: center;\"><strong>Fiscaliza\u00e7\u00e3o<\/strong><\/p>\n<p style=\"text-align: justify;\">O presente benef\u00edcio fiscal fica sujeito \u00e0 fiscaliza\u00e7\u00e3o da AT, no \u00e2mbito das respetivas compet\u00eancias<\/p>\n<p style=\"text-align: justify;\"><strong><a title=\"Dispon\u00edvel para consulta Portaria n.\u00ba 114\/2021\" href=\"https:\/\/info.portaldasfinancas.gov.pt\/pt\/atualidades\/legislativa\/Paginas\/Portaria_114_2021.aspx\" target=\"_blank\" rel=\"noopener\">Dispon\u00edvel para consulta Portaria n.\u00ba 114\/2021<\/a><\/strong><\/p>\n<p style=\"text-align: justify;\">Consulte a Nominaurea caso pretenda solicitar ou saber mais acerca do Incentivo fiscal tempor\u00e1rio \u00e0s a\u00e7\u00f5es de efici\u00eancia coletiva na promo\u00e7\u00e3o externa.<\/p>\n<p style=\"text-align: justify;\"><strong><a title=\"Contacto Nominaurea\" href=\"index.php?option=com_contact&amp;view=contact&amp;id=1&amp;Itemid=142\">Aguardamos o seu contacto! <\/a><\/strong><\/p>\n","protected":false},"excerpt":{"rendered":"<p>Flash Not\u00edcias NA 9\/2021 Incentivo fiscal tempor\u00e1rio \u00e0s a\u00e7\u00f5es de efici\u00eancia coletiva na promo\u00e7\u00e3o externa Incentivo para participa\u00e7\u00e3o conjunta em projetos de promo\u00e7\u00e3o externa A Portaria n.\u00ba 114\/2021 que regulamenta a atribui\u00e7\u00e3o do incentivo fiscal tempor\u00e1rio \u00e0s a\u00e7\u00f5es de efici\u00eancia coletiva na promo\u00e7\u00e3o externa, que foi publicada a 11 de mar\u00e7o de 2021, encontra-se consagrada [&hellip;]<\/p>\n","protected":false},"author":2,"featured_media":0,"comment_status":"closed","ping_status":"open","sticky":false,"template":"","format":"standard","meta":{"footnotes":""},"categories":[1],"tags":[],"class_list":["post-2522","post","type-post","status-publish","format-standard","hentry","category-publications"],"_links":{"self":[{"href":"https:\/\/www.nominaurea.pt\/en\/wp-json\/wp\/v2\/posts\/2522","targetHints":{"allow":["GET"]}}],"collection":[{"href":"https:\/\/www.nominaurea.pt\/en\/wp-json\/wp\/v2\/posts"}],"about":[{"href":"https:\/\/www.nominaurea.pt\/en\/wp-json\/wp\/v2\/types\/post"}],"author":[{"embeddable":true,"href":"https:\/\/www.nominaurea.pt\/en\/wp-json\/wp\/v2\/users\/2"}],"replies":[{"embeddable":true,"href":"https:\/\/www.nominaurea.pt\/en\/wp-json\/wp\/v2\/comments?post=2522"}],"version-history":[{"count":1,"href":"https:\/\/www.nominaurea.pt\/en\/wp-json\/wp\/v2\/posts\/2522\/revisions"}],"predecessor-version":[{"id":2544,"href":"https:\/\/www.nominaurea.pt\/en\/wp-json\/wp\/v2\/posts\/2522\/revisions\/2544"}],"wp:attachment":[{"href":"https:\/\/www.nominaurea.pt\/en\/wp-json\/wp\/v2\/media?parent=2522"}],"wp:term":[{"taxonomy":"category","embeddable":true,"href":"https:\/\/www.nominaurea.pt\/en\/wp-json\/wp\/v2\/categories?post=2522"},{"taxonomy":"post_tag","embeddable":true,"href":"https:\/\/www.nominaurea.pt\/en\/wp-json\/wp\/v2\/tags?post=2522"}],"curies":[{"name":"wp","href":"https:\/\/api.w.org\/{rel}","templated":true}]}}