{"id":2491,"date":"2021-06-02T00:00:00","date_gmt":"2021-06-02T00:00:00","guid":{"rendered":"https:\/\/www.nominaurea.pt\/noticias\/imposto-sobre-o-rendimento-das-pessoas-coletivas-2020\/"},"modified":"2025-10-21T15:25:35","modified_gmt":"2025-10-21T15:25:35","slug":"imposto-sobre-o-rendimento-das-pessoas-coletivas-2020","status":"publish","type":"post","link":"https:\/\/www.nominaurea.pt\/en\/noticias\/imposto-sobre-o-rendimento-das-pessoas-coletivas-2020\/","title":{"rendered":"Imposto sobre o rendimento das pessoas coletivas 2020"},"content":{"rendered":"<h5 class=\"bto-encabezamiento\">Flash Not\u00edcias NA 15\/2021<\/h5>\n<h5>Imposto sobre o rendimento das pessoas coletivas 2020<\/h5>\n<p style=\"text-align: justify;\">Para proceder ao c\u00e1lculo do IRC as empresas dever\u00e3o ter em conta o lucro tribut\u00e1vel, a mat\u00e9ria colet\u00e1vel, as taxas do imposto, a derrama e as tributa\u00e7\u00f5es aut\u00f3nomas.<\/p>\n<p style=\"text-align: justify;\"><a target=\"_self\"><img decoding=\"async\" style=\"float: right; margin-left: 10px;\" src=\"images\/volver.png\" alt=\"Volver\" \/><\/a>Este ano, excecionalmente a entrega do modelo 22 e a consequente liquida\u00e7\u00e3o do Imposto sobre o rendimento das pessoas coletivas \u2013 IRC, vai prolongar-se at\u00e9 30\/06\/2021.<\/p>\n<p style=\"text-align: justify;\">Para proceder ao c\u00e1lculo do IRC as empresas dever\u00e3o ter em conta os seguintes elementos:<\/p>\n<p style=\"text-align: justify;\"><strong>LUCRO TRIBUT\u00c1VEL<\/strong><\/p>\n<p style=\"text-align: justify;\">O lucro tribut\u00e1vel das entidades que exer\u00e7am a t\u00edtulo principal, uma atividade de natureza comercial, industrial ou agr\u00edcola consiste no resultado l\u00edquido do exerc\u00edcio adicionado das varia\u00e7\u00f5es patrimoniais positivas e deduzido das varia\u00e7\u00f5es patrimoniais negativas.<\/p>\n<p style=\"text-align: justify;\"><strong>MAT\u00c9RIA COLET\u00c1VEL<\/strong><\/p>\n<p style=\"text-align: justify;\">A mat\u00e9ria colet\u00e1vel resulta da dedu\u00e7\u00e3o ao lucro tribut\u00e1vel de benef\u00edcios fiscais e de preju\u00edzos fiscais pass\u00edveis de dedu\u00e7\u00e3o.<\/p>\n<p style=\"text-align: justify;\"><strong>TAXAS DE IRC<\/strong><\/p>\n<p style=\"text-align: justify;\">A taxa normal do IRC para as empresas residentes ou para estabelecimentos est\u00e1veis de empresas n\u00e3o residentes que exercem essas atividades \u00e9 de 21%.<\/p>\n<p style=\"text-align: justify;\">Sobre a parte do lucro tribut\u00e1vel superior a 1.500.000\u20ac incidem ainda as seguintes taxas adicionais:<\/p>\n<p style=\"text-align: justify; padding-left: 30px;\">\u2022 Acima de 1.500 000 euros at\u00e9 7.500 000 euros a taxa adicional \u00e9 3%;<\/p>\n<p style=\"text-align: justify; padding-left: 30px;\">\u2022 Acima de 7.500 000 euros at\u00e9 35.000 000 euros, a taxa adicional \u00e9 5%;<\/p>\n<p style=\"text-align: justify; padding-left: 30px;\">\u2022 A partir de 35.000 000 a taxa a acrescer \u00e9 9%.<\/p>\n<p style=\"text-align: justify;\"><strong>Regime mais ben\u00e9fico para PME<\/strong><\/p>\n<p style=\"text-align: justify;\">As Pequenas e M\u00e9dias Empresas podem usufruir este ano de uma tributa\u00e7\u00e3o ainda mais baixa. Podem Beneficiar de uma taxa reduzida de 17% sobre os primeiros 25.000\u20ac de mat\u00e9ria colet\u00e1vel.<\/p>\n<p style=\"text-align: justify;\"><strong>DERRAMA<\/strong><\/p>\n<p style=\"text-align: justify;\">A legisla\u00e7\u00e3o prev\u00ea que os munic\u00edpios podem deliberar anualmente uma taxa de derrama que incide sobre o lucro tribut\u00e1vel, com um limite m\u00e1ximo de 1,5%. Este ano devido \u00e0 pandemia e por forma a aliviar o impacto fiscal para as empresas, 119 munic\u00edpios decidiram n\u00e3o cobrar este tributo; outros isentaram as empresas mediante algumas condi\u00e7\u00f5es e ainda outros aplicaram taxas reduzidas. A t\u00edtulo de exemplo, passamos a indicar as taxas de derrama praticadas em alguns concelhos:<\/p>\n<table style=\"width: 90%; border: 1px solid #000000; margin-left: auto; margin-right: auto;\">\n<tbody>\n<tr>\n<td rowspan=\"4\"><strong>11<\/strong><\/td>\n<td rowspan=\"4\"><strong>06<\/strong><\/td>\n<td rowspan=\"4\"><strong>LISBOA<\/strong><\/td>\n<td>Taxa geral<\/td>\n<td><\/td>\n<td>1,50%<\/td>\n<td><\/td>\n<\/tr>\n<tr>\n<td rowspan=\"3\">Isen\u00e7\u00f5es<\/td>\n<td>Volume neg\u00f3cios<\/td>\n<td>0,00%<\/td>\n<td>Que no per\u00edodo anterior n\u00e3o ultrapasse \u20ac 150.000,00.<\/td>\n<\/tr>\n<tr>\n<td>Setor atividade<\/td>\n<td>0,00%<\/td>\n<td>Sujeitos passivos cujo volume de neg\u00f3cios no per\u00edodo anterior n\u00e3o ultrapasse \u20ac 1 200 000,00, dos ramos de neg\u00f3cio correspondentes aos seguintes CAE:<\/p>\n<p>Grupos 471; 472; 474; 475; 476; 477; 478; 479; 561; 563.<\/td>\n<\/tr>\n<tr>\n<td>Cria\u00e7\u00e3o emprego<\/td>\n<td>0,00%<\/td>\n<td>Para as empresas que tenham criado ou criem e mantenham durante o per\u00edodo de 3 anos, no m\u00ednimo, 5 novos postos de trabalho.<\/td>\n<\/tr>\n<\/tbody>\n<\/table>\n<p>&nbsp;<\/p>\n<table style=\"width: 90%; border: 1px solid #000000; margin-left: auto; margin-right: auto;\">\n<tbody>\n<tr>\n<td rowspan=\"2\"><strong>13<\/strong><\/td>\n<td rowspan=\"2\"><strong>12<\/strong><\/td>\n<td rowspan=\"2\"><strong>PORTO<\/strong><\/td>\n<td>Taxa geral<\/td>\n<td><\/td>\n<td>1,50%<\/td>\n<td><\/td>\n<\/tr>\n<tr>\n<td>Taxa reduzida<\/td>\n<td>Volume neg\u00f3cios<\/td>\n<td>1,00%<\/td>\n<td>Sujeitos passivos cujo volume de neg\u00f3cios, no per\u00edodo anterior, n\u00e3o ultrapasse \u20ac 150.000,00.<\/td>\n<\/tr>\n<\/tbody>\n<\/table>\n<p>&nbsp;<\/p>\n<table style=\"width: 90%; border: 1px solid #000000; margin-left: auto; margin-right: auto;\">\n<tbody>\n<tr>\n<td rowspan=\"2\"><strong>01<\/strong><\/td>\n<td rowspan=\"2\"><strong>17<\/strong><\/td>\n<td rowspan=\"2\"><strong>SEVER DO VOUGA<\/strong><\/td>\n<td>Taxa geral<\/td>\n<td><\/td>\n<td>0,38%<\/td>\n<td><\/td>\n<\/tr>\n<tr>\n<td>Taxa reduzida<\/td>\n<td>Isen\u00e7\u00f5es<\/td>\n<td>0,00%<\/td>\n<td>Sujeitos passivos cujo volume de neg\u00f3cios, no per\u00edodo anterior, n\u00e3o ultrapasse \u20ac 150.000,00.<\/td>\n<\/tr>\n<\/tbody>\n<\/table>\n<p style=\"text-align: justify;\">Embora este ano n\u00e3o seja o melhor exemplo, devido ao elevado n\u00famero de isen\u00e7\u00f5es excecionais, a escolha da localiza\u00e7\u00e3o da sede de uma empresa pode tamb\u00e9m traduzir-se numa poupan\u00e7a no momento do c\u00e1lculo e pagamento do IRC.<\/p>\n<p style=\"text-align: justify;\">Para uma informa\u00e7\u00e3o mais completa poder\u00e1 consultar: <strong><a title=\"Oficio_circulado_20229_2021.pdf (portaldasfinancas.gov.pt)\" href=\"https:\/\/info.portaldasfinancas.gov.pt\/pt\/informacao_fiscal\/legislacao\/instrucoes_administrativas\/Documents\/Oficio_circulado_20229_2021.pdf\" target=\"_blank\" rel=\"noopener\">Oficio_circulado_20229_2021.pdf (portaldasfinancas.gov.pt)<\/a><\/strong> que cont\u00e9m uma tabela exaustiva com todas as taxas de derrama aplicadas por todos os munic\u00edpios portugueses em 2021.<\/p>\n<p style=\"text-align: justify;\">Com o aproximar do final do prazo de entrega da Declara\u00e7\u00e3o Anual de Rendimentos Modelo 22 referente ao ano de 2020, esta informa\u00e7\u00e3o torna-se essencial para as empresas cumprirem esta obriga\u00e7\u00e3o fiscal de forma correta.<\/p>\n<p style=\"text-align: justify;\">Na Nominaurea, estamos dispon\u00edveis para apoiar a sua empresa em todos os temas fundamentais para desenvolver a sua atividade, cumprindo sempre com todos os requisitos legais. <strong><a title=\"Contacto Nominaurea\" href=\"index.php?option=com_contact&amp;view=contact&amp;id=1&amp;Itemid=142\">Aguardamos o seu contato!<\/a><\/strong><\/p>\n","protected":false},"excerpt":{"rendered":"<p>Flash Not\u00edcias NA 15\/2021 Imposto sobre o rendimento das pessoas coletivas 2020 Para proceder ao c\u00e1lculo do IRC as empresas dever\u00e3o ter em conta o lucro tribut\u00e1vel, a mat\u00e9ria colet\u00e1vel, as taxas do imposto, a derrama e as tributa\u00e7\u00f5es aut\u00f3nomas. Este ano, excecionalmente a entrega do modelo 22 e a consequente liquida\u00e7\u00e3o do Imposto sobre [&hellip;]<\/p>\n","protected":false},"author":2,"featured_media":0,"comment_status":"closed","ping_status":"open","sticky":false,"template":"","format":"standard","meta":{"footnotes":""},"categories":[1],"tags":[],"class_list":["post-2491","post","type-post","status-publish","format-standard","hentry","category-publications"],"_links":{"self":[{"href":"https:\/\/www.nominaurea.pt\/en\/wp-json\/wp\/v2\/posts\/2491","targetHints":{"allow":["GET"]}}],"collection":[{"href":"https:\/\/www.nominaurea.pt\/en\/wp-json\/wp\/v2\/posts"}],"about":[{"href":"https:\/\/www.nominaurea.pt\/en\/wp-json\/wp\/v2\/types\/post"}],"author":[{"embeddable":true,"href":"https:\/\/www.nominaurea.pt\/en\/wp-json\/wp\/v2\/users\/2"}],"replies":[{"embeddable":true,"href":"https:\/\/www.nominaurea.pt\/en\/wp-json\/wp\/v2\/comments?post=2491"}],"version-history":[{"count":1,"href":"https:\/\/www.nominaurea.pt\/en\/wp-json\/wp\/v2\/posts\/2491\/revisions"}],"predecessor-version":[{"id":2513,"href":"https:\/\/www.nominaurea.pt\/en\/wp-json\/wp\/v2\/posts\/2491\/revisions\/2513"}],"wp:attachment":[{"href":"https:\/\/www.nominaurea.pt\/en\/wp-json\/wp\/v2\/media?parent=2491"}],"wp:term":[{"taxonomy":"category","embeddable":true,"href":"https:\/\/www.nominaurea.pt\/en\/wp-json\/wp\/v2\/categories?post=2491"},{"taxonomy":"post_tag","embeddable":true,"href":"https:\/\/www.nominaurea.pt\/en\/wp-json\/wp\/v2\/tags?post=2491"}],"curies":[{"name":"wp","href":"https:\/\/api.w.org\/{rel}","templated":true}]}}