{"id":2471,"date":"2021-07-08T00:00:00","date_gmt":"2021-07-08T00:00:00","guid":{"rendered":"https:\/\/www.nominaurea.pt\/noticias\/encerramento-do-exercicio-e-prestacao-de-contas\/"},"modified":"2025-10-21T15:17:58","modified_gmt":"2025-10-21T15:17:58","slug":"encerramento-do-exercicio-e-prestacao-de-contas","status":"publish","type":"post","link":"https:\/\/www.nominaurea.pt\/en\/noticias\/encerramento-do-exercicio-e-prestacao-de-contas\/","title":{"rendered":"Encerramento do exerc\u00edcio e presta\u00e7\u00e3o de contas"},"content":{"rendered":"<h5 class=\"bto-encabezamiento\">Flash Not\u00edcias NA 17\/2021<\/h5>\n<h5>Encerramento do exerc\u00edcio e presta\u00e7\u00e3o de contas<\/h5>\n<p style=\"text-align: justify;\">Conforme est\u00e1 estipulado no c\u00f3digo do IRC, existem determinados custos que n\u00e3o s\u00e3o aceites fiscalmente, apesar de terem sido contabilizados com essa natureza, isto \u00e9, n\u00e3o contam para o apuramento da mat\u00e9ria colet\u00e1vel e subsequente imposto a pagar.<\/p>\n<p style=\"text-align: justify;\"><a target=\"_self\"><img decoding=\"async\" style=\"float: right; margin-left: 10px;\" src=\"images\/volver.png\" alt=\"Volver\" \/><\/a><span style=\"text-decoration: underline;\"><strong>Encerramento do Exerc\u00edcio<\/strong><\/span><\/p>\n<p style=\"text-align: justify;\">No per\u00edodo entre 31 de dezembro e 31 de mar\u00e7o do ano seguinte, todos os lan\u00e7amentos contabil\u00edsticos correntes, devem j\u00e1 estar contabilizados, sendo que este per\u00edodo em quest\u00e3o \u00e9 de confer\u00eancia de saldos, para de seguida se processar o encerramento das contas e preparar as demais Demonstra\u00e7\u00f5es Financeiras. As entidades devem iniciar o processo de confer\u00eancia das contas e por sua vez, preparar toda a documenta\u00e7\u00e3o para a presta\u00e7\u00e3o de contas.<\/p>\n<p style=\"text-align: justify;\">Conforme est\u00e1 estipulado no c\u00f3digo do IRC, existem determinados custos que n\u00e3o s\u00e3o aceites fiscalmente, apesar de terem sido contabilizados com essa natureza, isto \u00e9, n\u00e3o contam para o apuramento da mat\u00e9ria colet\u00e1vel e subsequente imposto a pagar.<\/p>\n<p style=\"text-align: justify;\">Desta forma, para o apuramento do imposto, dever\u00e1 fazer-se os devidos acr\u00e9scimos e\/ou diminui\u00e7\u00f5es ao resultado contabil\u00edstico no final de cada exerc\u00edcio para se calcular e estimar o imposto a pagar\/receber.<\/p>\n<p style=\"text-align: justify;\">Simultaneamente a este processo dever\u00e1 tamb\u00e9m, calcular-se as tributa\u00e7\u00f5es aut\u00f3nomas, tendo em conta as regras definidas, nomeadamente em fun\u00e7\u00e3o dos gastos com viaturas em nome da empresa. De referir ainda que o c\u00e1lculo das tributa\u00e7\u00f5es aut\u00f3nomas faz parte do c\u00e1lculo da estimativa do IRC a pagar.<\/p>\n<p style=\"text-align: justify;\">O 31.\u00ba dia do 3.\u00ba m\u00eas, ser\u00e1 o limite para aprova\u00e7\u00e3o de contas, nas empresas que n\u00e3o tenham contas consolidadas ou individuais de empresas que utilizem o M\u00e9todo de Equival\u00eancia Patrimonial, pois nesse caso, ter\u00e3o de aprovar as contas at\u00e9 31.\u00ba dia do 5.\u00ba m\u00eas, juntamente com a submiss\u00e3o da declara\u00e7\u00e3o de rendimentos do modelo 22.<\/p>\n<p style=\"text-align: justify;\"><span style=\"text-decoration: underline;\"><strong>Presta\u00e7\u00e3o de Contas<\/strong><\/span><\/p>\n<p style=\"text-align: justify;\">Os administradores das sociedades devem relatar a gest\u00e3o e apresentarem as suas contas; segundo o art.\u00ba 65.\u00ba do CSC: \u201c<em>\u2026devem elaborar e submeter aos \u00f3rg\u00e3os competentes da sociedade o relat\u00f3rio de gest\u00e3o, as contas do exerc\u00edcio e demais documentos de presta\u00e7\u00e3o de contas previstos na lei, relativos a cada exerc\u00edcio anual.<\/em>\u201d.<\/p>\n<p style=\"text-align: justify;\">Por forma a complementar os procedimentos de encerramento e presta\u00e7\u00e3o de contas, o Sistema de Normaliza\u00e7\u00e3o Contabil\u00edstica, bem como todos os outros normativos existentes e ainda em vigor (mico entidades, PE, entidades n\u00e3o lucrativas, POC p\u00fablico), tamb\u00e9m determinam os procedimentos contabil\u00edsticos que as entidades devem seguir. Assim, as entidades devem elaborar as suas DF, no final de cada exerc\u00edcio econ\u00f3mico, de forma a retratar e a apresentar as informa\u00e7\u00f5es financeiras da empresa, devendo as mesmas serem aprovadas pela Assembleia Geral, para posteriormente servirem como base de divulga\u00e7\u00e3o para outras entidades no \u00e2mbito da Informa\u00e7\u00e3o Empresarial Simplificada (IES).<\/p>\n<p style=\"text-align: justify;\"><strong><span style=\"text-decoration: underline;\">Quadro resumo das DF a apresentar por cada tipo de entidade<\/span><\/strong><\/p>\n<table style=\"width: 85%; border: 1px solid #000000; margin-left: auto; margin-right: auto;\">\n<tbody>\n<tr>\n<td><strong>\u00a0<\/strong><\/td>\n<td colspan=\"2\"><a id=\"_Toc524681387\"><\/a><a id=\"_Toc524681488\"><\/a><a id=\"_Toc524681588\"><\/a><strong>Limites<\/strong><\/p>\n<p><a id=\"_Toc524681388\"><\/a><a id=\"_Toc524681489\"><\/a><a id=\"_Toc524681589\"><\/a><strong>(dois dos tr\u00eas)<\/strong><\/td>\n<td><a id=\"_Toc524681389\"><\/a><a id=\"_Toc524681490\"><\/a><a id=\"_Toc524681590\"><\/a><strong>Balan\u00e7o<\/strong><\/td>\n<td><a id=\"_Toc524681390\"><\/a><a id=\"_Toc524681491\"><\/a><a id=\"_Toc524681591\"><\/a><strong>Demonstra\u00e7\u00e3o Resultados<\/strong><\/td>\n<td><a id=\"_Toc524681391\"><\/a><a id=\"_Toc524681492\"><\/a><a id=\"_Toc524681592\"><\/a><strong>Demonstra\u00e7\u00e3o Fluxos Caixa<\/strong><\/td>\n<td><a id=\"_Toc524681392\"><\/a><a id=\"_Toc524681493\"><\/a><a id=\"_Toc524681593\"><\/a><strong>Demonstra\u00e7\u00e3o Altera\u00e7\u00e3o Capital Pr\u00f3prio<\/strong><\/td>\n<td><a id=\"_Toc524681393\"><\/a><a id=\"_Toc524681494\"><\/a><a id=\"_Toc524681594\"><\/a><strong>Anexos<\/strong><\/td>\n<\/tr>\n<tr>\n<td><a id=\"_Toc524681394\"><\/a><a id=\"_Toc524681495\"><\/a><a id=\"_Toc524681595\"><\/a><strong>NCRF<\/strong><strong> \u2013 ME<\/strong><\/p>\n<p><strong>(M\u00e9dias Empresas)<\/strong><\/td>\n<td><a id=\"_Toc524681395\"><\/a><a id=\"_Toc524681496\"><\/a><a id=\"_Toc524681596\"><\/a><strong>Balan\u00e7o<\/strong><\/p>\n<p><a id=\"_Toc524681396\"><\/a><a id=\"_Toc524681497\"><\/a><a id=\"_Toc524681597\"><\/a><strong>V<\/strong><strong>NL<\/strong><\/p>\n<p><a id=\"_Toc524681397\"><\/a><a id=\"_Toc524681498\"><\/a><a id=\"_Toc524681598\"><\/a><strong>Trab.<\/strong><\/td>\n<td><strong>=&lt; 20\u00a0000\u00a0000\u20ac<\/strong><\/p>\n<p><strong>=&lt; 40\u00a0000\u00a0000\u20ac<\/strong><\/p>\n<p><strong>=&lt; 250<\/strong><\/td>\n<td><a id=\"_Toc524681401\"><\/a><a id=\"_Toc524681502\"><\/a><a id=\"_Toc524681602\"><\/a><strong>X<\/strong><\/td>\n<td><a id=\"_Toc524681402\"><\/a><a id=\"_Toc524681503\"><\/a><a id=\"_Toc524681603\"><\/a><strong>X<\/strong><\/td>\n<td><a id=\"_Toc524681403\"><\/a><a id=\"_Toc524681504\"><\/a><a id=\"_Toc524681604\"><\/a><strong>X<\/strong><\/td>\n<td><a id=\"_Toc524681404\"><\/a><a id=\"_Toc524681505\"><\/a><a id=\"_Toc524681605\"><\/a><strong>X<\/strong><\/td>\n<td><a id=\"_Toc524681405\"><\/a><a id=\"_Toc524681506\"><\/a><a id=\"_Toc524681606\"><\/a><strong>X<\/strong><\/td>\n<\/tr>\n<tr>\n<td><a id=\"_Toc524681406\"><\/a><a id=\"_Toc524681507\"><\/a><a id=\"_Toc524681607\"><\/a><strong>NCRF \u2013 PE<\/strong><\/p>\n<p><strong>(Pequenas Empresas) <\/strong><\/td>\n<td><strong>Balan\u00e7o<\/strong><\/p>\n<p><strong>VNL<\/strong><\/p>\n<p><a id=\"_Toc524681409\"><\/a><a id=\"_Toc524681510\"><\/a><a id=\"_Toc524681610\"><\/a><strong>Trab.<\/strong><\/td>\n<td><strong>=&lt; 4\u00a0000\u00a0000\u20ac<\/strong><\/p>\n<p><a id=\"_Toc524681411\"><\/a><a id=\"_Toc524681512\"><\/a><a id=\"_Toc524681612\"><\/a><strong>=&lt; <\/strong><strong>8\u00a0000\u00a0000\u20ac<\/strong><\/p>\n<p><a id=\"_Toc524681412\"><\/a><a id=\"_Toc524681513\"><\/a><a id=\"_Toc524681613\"><\/a><strong>=&lt; 50<\/strong><\/td>\n<td><a id=\"_Toc524681413\"><\/a><a id=\"_Toc524681514\"><\/a><a id=\"_Toc524681614\"><\/a><strong>X<\/strong><\/td>\n<td><a id=\"_Toc524681414\"><\/a><a id=\"_Toc524681515\"><\/a><a id=\"_Toc524681615\"><\/a><strong>X<\/strong><\/td>\n<td><strong>\u00a0<\/strong><\/td>\n<td><strong>\u00a0<\/strong><\/td>\n<td><a id=\"_Toc524681415\"><\/a><a id=\"_Toc524681516\"><\/a><a id=\"_Toc524681616\"><\/a><strong>X<\/strong><\/td>\n<\/tr>\n<tr>\n<td><a id=\"_Toc524681416\"><\/a><a id=\"_Toc524681517\"><\/a><a id=\"_Toc524681617\"><\/a><strong>Mico Entidades <\/strong><\/td>\n<td><strong>Balan\u00e7o<\/strong><\/p>\n<p><strong>VNL<\/strong><\/p>\n<p><a id=\"_Toc524681419\"><\/a><a id=\"_Toc524681520\"><\/a><a id=\"_Toc524681620\"><\/a><strong>Trab.<\/strong><\/td>\n<td><strong>=&lt; 350\u00a0000\u20ac<\/strong><\/p>\n<p><a id=\"_Toc524681421\"><\/a><a id=\"_Toc524681522\"><\/a><a id=\"_Toc524681622\"><\/a><strong>=&lt;<\/strong><strong> 700\u00a0000\u20ac<\/strong><\/p>\n<p><strong>=&lt; 10<\/strong><\/td>\n<td><a id=\"_Toc524681423\"><\/a><a id=\"_Toc524681524\"><\/a><a id=\"_Toc524681624\"><\/a><strong>X<\/strong><\/td>\n<td><a id=\"_Toc524681424\"><\/a><a id=\"_Toc524681525\"><\/a><a id=\"_Toc524681625\"><\/a><strong>X<\/strong><\/td>\n<td><strong>\u00a0<\/strong><\/td>\n<td><strong>\u00a0<\/strong><\/td>\n<td><a id=\"_Toc524681425\"><\/a><a id=\"_Toc524681526\"><\/a><a id=\"_Toc524681626\"><\/a><strong>X<\/strong><\/td>\n<\/tr>\n<\/tbody>\n<\/table>\n<p style=\"font-size: 13px;\"><strong>artigo 9.\u00ba do Decreto-Lei n.\u00ba 158\/2009, de 13 de julho, com a reda\u00e7\u00e3o dada pelo Decreto-Lei n.\u00ba 98\/2015, de 2 de junho<\/strong><\/p>\n<p style=\"text-align: justify;\">Segundo o art.\u00ba 70\u00ba do C\u00f3digo das Sociedades Comerciais, a informa\u00e7\u00e3o respeitante \u00e0s contas do exerc\u00edcio e outros documentos relacionados com a presta\u00e7\u00e3o de contas, devidamente aprovados, est\u00e1 sujeita a um registo comercial, nos termos da lei.<\/p>\n<p style=\"text-align: justify;\">Estas informa\u00e7\u00f5es devem estar dispon\u00edveis na sua sede e no s\u00edtio da internet, quando existam, os documentos:<\/p>\n<p style=\"text-align: justify; padding-left: 30px;\">\u2022 Relat\u00f3rio de Gest\u00e3o;<\/p>\n<p style=\"text-align: justify; padding-left: 30px;\">\u2022 Relat\u00f3rio sobre a estrutura e as pr\u00e1ticas estipuladas na sociedade;<\/p>\n<p style=\"text-align: justify; padding-left: 30px;\">\u2022 Certifica\u00e7\u00e3o legal de contas; parecer do \u00f3rg\u00e3o de fiscaliza\u00e7\u00e3o (quando exista).<\/p>\n<p style=\"text-align: justify;\">Relacionado com o registo comercial, a entrega da IES-Informa\u00e7\u00e3o Empresarial Simplificada e o respetivo pagamento do dep\u00f3sito \u00e9 regulado pelo art.\u00ba 42.\u00ba do C\u00f3digo de Registo Comercial (CRC). Este consiste no dep\u00f3sito por transmiss\u00e3o eletr\u00f3nica de dados da informa\u00e7\u00e3o constante dos seguintes documentos:<\/p>\n<p style=\"text-align: justify; padding-left: 30px;\">\u2022 Ata de aprova\u00e7\u00e3o das contas do exerc\u00edcio e da aplica\u00e7\u00e3o dos resultados;<\/p>\n<p style=\"text-align: justify; padding-left: 30px;\">\u2022 Balan\u00e7o, Demonstra\u00e7\u00e3o dos Resultados e Anexo;<\/p>\n<p style=\"text-align: justify; padding-left: 30px;\">\u2022 Certificado legal das contas e parecer do \u00f3rg\u00e3o de fiscaliza\u00e7\u00e3o (quando exista)<\/p>\n<p style=\"text-align: justify;\">O prazo para a entrega da IES \u00e9 at\u00e9 ao 15.\u00ba dia do 7.\u00ba m\u00eas, havendo penalidades na entrega fora de prazo. A informa\u00e7\u00e3o depositada \u00e9 de car\u00e1cter p\u00fablico, podendo, qualquer pessoa levantar essa informa\u00e7\u00e3o atrav\u00e9s de uma certid\u00e3o dos atos de registo e dos documentos arquivados, bem como outro tipo de informa\u00e7\u00f5es, segundo o art.\u00ba 73.\u00ba CRC.<\/p>\n<p style=\"text-align: justify;\">Na Nominaurea encontra uma equipa dispon\u00edvel para apoiar a sua empresa em todas as quest\u00f5es fulcrais e essenciais para o desenvolvimento sustent\u00e1vel da mesma, cumprindo sempre e acompanhando todos os requisitos exigidos.\u00a0<strong><a title=\"Contacto Nominaurea\" href=\"index.php?option=com_contact&amp;view=contact&amp;id=1&amp;Itemid=142\">Aguardamos o seu contato!<\/a><\/strong><\/p>\n","protected":false},"excerpt":{"rendered":"<p>Flash Not\u00edcias NA 17\/2021 Encerramento do exerc\u00edcio e presta\u00e7\u00e3o de contas Conforme est\u00e1 estipulado no c\u00f3digo do IRC, existem determinados custos que n\u00e3o s\u00e3o aceites fiscalmente, apesar de terem sido contabilizados com essa natureza, isto \u00e9, n\u00e3o contam para o apuramento da mat\u00e9ria colet\u00e1vel e subsequente imposto a pagar. Encerramento do Exerc\u00edcio No per\u00edodo entre [&hellip;]<\/p>\n","protected":false},"author":2,"featured_media":0,"comment_status":"closed","ping_status":"open","sticky":false,"template":"","format":"standard","meta":{"footnotes":""},"categories":[1],"tags":[],"class_list":["post-2471","post","type-post","status-publish","format-standard","hentry","category-publications"],"_links":{"self":[{"href":"https:\/\/www.nominaurea.pt\/en\/wp-json\/wp\/v2\/posts\/2471","targetHints":{"allow":["GET"]}}],"collection":[{"href":"https:\/\/www.nominaurea.pt\/en\/wp-json\/wp\/v2\/posts"}],"about":[{"href":"https:\/\/www.nominaurea.pt\/en\/wp-json\/wp\/v2\/types\/post"}],"author":[{"embeddable":true,"href":"https:\/\/www.nominaurea.pt\/en\/wp-json\/wp\/v2\/users\/2"}],"replies":[{"embeddable":true,"href":"https:\/\/www.nominaurea.pt\/en\/wp-json\/wp\/v2\/comments?post=2471"}],"version-history":[{"count":1,"href":"https:\/\/www.nominaurea.pt\/en\/wp-json\/wp\/v2\/posts\/2471\/revisions"}],"predecessor-version":[{"id":2487,"href":"https:\/\/www.nominaurea.pt\/en\/wp-json\/wp\/v2\/posts\/2471\/revisions\/2487"}],"wp:attachment":[{"href":"https:\/\/www.nominaurea.pt\/en\/wp-json\/wp\/v2\/media?parent=2471"}],"wp:term":[{"taxonomy":"category","embeddable":true,"href":"https:\/\/www.nominaurea.pt\/en\/wp-json\/wp\/v2\/categories?post=2471"},{"taxonomy":"post_tag","embeddable":true,"href":"https:\/\/www.nominaurea.pt\/en\/wp-json\/wp\/v2\/tags?post=2471"}],"curies":[{"name":"wp","href":"https:\/\/api.w.org\/{rel}","templated":true}]}}