{"id":2469,"date":"2021-07-09T00:00:00","date_gmt":"2021-07-09T00:00:00","guid":{"rendered":"https:\/\/www.nominaurea.pt\/noticias\/webinar-despedimentos-por-razoes-objectivas-em-portugal-e-comparacao-com-o-regime-laboral-espanhol\/"},"modified":"2025-10-21T15:17:34","modified_gmt":"2025-10-21T15:17:34","slug":"webinar-despedimentos-por-razoes-objectivas-em-portugal-e-comparacao-com-o-regime-laboral-espanhol","status":"publish","type":"post","link":"https:\/\/www.nominaurea.pt\/en\/noticias\/webinar-despedimentos-por-razoes-objectivas-em-portugal-e-comparacao-com-o-regime-laboral-espanhol\/","title":{"rendered":"Webinar &#8211; Despedimentos por raz\u00f5es objectivas em Portugal e compara\u00e7\u00e3o com o regime laboral espanhol"},"content":{"rendered":"<h5 class=\"bto-encabezamiento\">Flash Not\u00edcias NA 18\/2021<\/h5>\n<h5>Webinar &#8211; Despedimentos por raz\u00f5es objectivas em Portugal e compara\u00e7\u00e3o com o regime laboral espanhol<\/h5>\n<p style=\"text-align: justify;\">Nominaurea, Lda. teve o prazer de participar na quinta-feira 1 de Julho no Semin\u00e1rio Online sobre Direito do Trabalho Portugu\u00eas &#8211; Despedimentos por causas objectivas em Portugal e compara\u00e7\u00e3o com o regime laboral espanhol, cujo resumo apresentamos no seguinte v\u00eddeo.<\/p>\n<p><a target=\"_self\"><img decoding=\"async\" style=\"float: right; margin-left: 10px;\" src=\"images\/volver.png\" alt=\"Volver\" \/><\/a><\/p>\n<table style=\"margin-bottom: 15px; width: 90%;\" border=\"0\" align=\"center\">\n<tbody>\n<tr>\n<td><iframe src=\"https:\/\/www.youtube.com\/embed\/2xG3dlQZpOA\" width=\"90%\" height=\"350\" frameborder=\"0\" allowfullscreen=\"allowfullscreen\"><\/iframe><\/td>\n<\/tr>\n<\/tbody>\n<\/table>\n","protected":false},"excerpt":{"rendered":"<p>Flash Not\u00edcias NA 18\/2021 Webinar &#8211; Despedimentos por raz\u00f5es objectivas em Portugal e compara\u00e7\u00e3o com o regime laboral espanhol Nominaurea, Lda. teve o prazer de participar na quinta-feira 1 de Julho no Semin\u00e1rio Online sobre Direito do Trabalho Portugu\u00eas &#8211; Despedimentos por causas objectivas em Portugal e compara\u00e7\u00e3o com o regime laboral espanhol, cujo resumo [&hellip;]<\/p>\n","protected":false},"author":2,"featured_media":0,"comment_status":"closed","ping_status":"open","sticky":false,"template":"","format":"standard","meta":{"footnotes":""},"categories":[1],"tags":[],"class_list":["post-2469","post","type-post","status-publish","format-standard","hentry","category-publications"],"_links":{"self":[{"href":"https:\/\/www.nominaurea.pt\/en\/wp-json\/wp\/v2\/posts\/2469","targetHints":{"allow":["GET"]}}],"collection":[{"href":"https:\/\/www.nominaurea.pt\/en\/wp-json\/wp\/v2\/posts"}],"about":[{"href":"https:\/\/www.nominaurea.pt\/en\/wp-json\/wp\/v2\/types\/post"}],"author":[{"embeddable":true,"href":"https:\/\/www.nominaurea.pt\/en\/wp-json\/wp\/v2\/users\/2"}],"replies":[{"embeddable":true,"href":"https:\/\/www.nominaurea.pt\/en\/wp-json\/wp\/v2\/comments?post=2469"}],"version-history":[{"count":1,"href":"https:\/\/www.nominaurea.pt\/en\/wp-json\/wp\/v2\/posts\/2469\/revisions"}],"predecessor-version":[{"id":2486,"href":"https:\/\/www.nominaurea.pt\/en\/wp-json\/wp\/v2\/posts\/2469\/revisions\/2486"}],"wp:attachment":[{"href":"https:\/\/www.nominaurea.pt\/en\/wp-json\/wp\/v2\/media?parent=2469"}],"wp:term":[{"taxonomy":"category","embeddable":true,"href":"https:\/\/www.nominaurea.pt\/en\/wp-json\/wp\/v2\/categories?post=2469"},{"taxonomy":"post_tag","embeddable":true,"href":"https:\/\/www.nominaurea.pt\/en\/wp-json\/wp\/v2\/tags?post=2469"}],"curies":[{"name":"wp","href":"https:\/\/api.w.org\/{rel}","templated":true}]}}