{"id":2447,"date":"2021-10-21T00:00:00","date_gmt":"2021-10-21T00:00:00","guid":{"rendered":"https:\/\/www.nominaurea.pt\/noticias\/direito-as-ferias\/"},"modified":"2025-10-21T15:09:50","modified_gmt":"2025-10-21T15:09:50","slug":"direito-as-ferias","status":"publish","type":"post","link":"https:\/\/www.nominaurea.pt\/en\/noticias\/direito-as-ferias\/","title":{"rendered":"Direito \u00e0s F\u00e9rias"},"content":{"rendered":"<h5 class=\"bto-encabezamiento\">Flash Not\u00edcias NA 22\/2021<\/h5>\n<h5>Direito \u00e0s F\u00e9rias<\/h5>\n<p style=\"text-align: justify;\">As regras de c\u00e1lculo das f\u00e9rias em Portugal cont\u00eam v\u00e1rias exce\u00e7\u00f5es, com as quais existem v\u00e1rios fatores a ter em considera\u00e7\u00e3o na verifica\u00e7\u00e3o dos dias de f\u00e9rias que correspondem a cada trabalhador.<\/p>\n<p style=\"text-align: justify;\"><a target=\"_self\"><img decoding=\"async\" style=\"float: right; margin-left: 10px;\" src=\"images\/volver.png\" alt=\"Volver\" \/><\/a>A Nominaurea comenta este m\u00eas a quest\u00e3o do direito a dias de f\u00e9rias em Portugal, por se tratar de um tema recorrente nas consultas que recebemos dos nossos clientes, visto que suscita muitas d\u00favidas.<\/p>\n<p style=\"text-align: justify;\">Com efeito, de acordo com o C\u00f3digo do Trabalho Portugu\u00eas e por regra, o direito \u00e0s f\u00e9rias adquire-se no dia 1 de janeiro de cada ano, e referem-se ao trabalho prestado durante o ano anterior, n\u00e3o estando condicionadas \u00e0 assiduidade ou efic\u00e1cia do trabalhador nas suas fun\u00e7\u00f5es.<\/p>\n<p style=\"text-align: justify;\">Por\u00e9m, para a determina\u00e7\u00e3o das f\u00e9rias do trabalhador, devem ser levadas em considera\u00e7\u00e3o 4 regras especiais (ou outras estabelecidas por conven\u00e7\u00e3o coletiva), conforme indicado a seguir:<\/p>\n<p style=\"text-align: justify; padding-left: 30px;\">(a) <strong>Ano de contrata\u00e7\u00e3o<\/strong>: o trabalhador tem direito a 2 dias \u00fateis de f\u00e9rias por cada m\u00eas de contrato de trabalho, at\u00e9 ao limite de 20 dias.<\/p>\n<p style=\"text-align: justify; padding-left: 30px;\">O gozo das f\u00e9rias pode ocorrer ap\u00f3s 6 meses completos de celebra\u00e7\u00e3o do contrato de trabalho. No entanto, quando o ano civil terminar antes do termo dos 6 meses completos de execu\u00e7\u00e3o do contrato, as f\u00e9rias podem ser gozadas at\u00e9 30 de junho do ano seguinte, tendo em considera\u00e7\u00e3o o limite de 30 dias \u00fateis de f\u00e9rias no mesmo ano civil.<\/p>\n<p style=\"text-align: justify; padding-left: 30px;\">(b) <strong>Dura\u00e7\u00e3o do contrato inferior a 6 meses<\/strong>: quando a dura\u00e7\u00e3o do contrato de trabalho for inferior a 6 meses, o trabalhador tem direito a 2 dias \u00fateis de f\u00e9rias por cada m\u00eas completo de dura\u00e7\u00e3o do contrato, sendo as f\u00e9rias gozadas imediatamente antes da data de rescis\u00e3o do contrato de trabalho;<\/p>\n<p style=\"text-align: justify; padding-left: 30px;\">(c) <strong>F\u00e9rias no ano de fim da invalidez prolongada iniciadas no ano anterior<\/strong>: aplica\u00e7\u00e3o das regras de f\u00e9rias no ano da contrata\u00e7\u00e3o;<\/p>\n<p style=\"text-align: justify; padding-left: 30px;\">(d) <strong>Rescis\u00e3o do contrato no ano seguinte ao da admiss\u00e3o<\/strong>: o c\u00e1lculo total das f\u00e9rias e correspondente remunera\u00e7\u00e3o n\u00e3o pode ser superior ao proporcional ao per\u00edodo anual de f\u00e9rias, tendo em considera\u00e7\u00e3o a dura\u00e7\u00e3o do contrato.<\/p>\n<p style=\"text-align: justify;\">O per\u00edodo de f\u00e9rias \u00e9 estabelecido de comum acordo entre o trabalhador e o empregador. Se n\u00e3o houver acordo, o empregador pode determinar o per\u00edodo de f\u00e9rias (dentro de certas condi\u00e7\u00f5es), que n\u00e3o pode come\u00e7ar em dia de descanso semanal do trabalhador.<\/p>\n<p style=\"text-align: justify;\">Na Nominaurea encontrar\u00e1 uma equipa dispon\u00edvel para apoiar a sua empresa em todos os aspetos essenciais para o desenvolvimento do seu neg\u00f3cio em Portugal, cumprindo sempre todos os requisitos legais.\u00a0<strong><a title=\"Contacto Nominaurea\" href=\"index.php?option=com_contact&amp;view=contact&amp;id=1&amp;Itemid=142\">Aguardamos o seu contato!<\/a><\/strong><\/p>\n","protected":false},"excerpt":{"rendered":"<p>Flash Not\u00edcias NA 22\/2021 Direito \u00e0s F\u00e9rias As regras de c\u00e1lculo das f\u00e9rias em Portugal cont\u00eam v\u00e1rias exce\u00e7\u00f5es, com as quais existem v\u00e1rios fatores a ter em considera\u00e7\u00e3o na verifica\u00e7\u00e3o dos dias de f\u00e9rias que correspondem a cada trabalhador. A Nominaurea comenta este m\u00eas a quest\u00e3o do direito a dias de f\u00e9rias em Portugal, por [&hellip;]<\/p>\n","protected":false},"author":2,"featured_media":0,"comment_status":"closed","ping_status":"open","sticky":false,"template":"","format":"standard","meta":{"footnotes":""},"categories":[1],"tags":[],"class_list":["post-2447","post","type-post","status-publish","format-standard","hentry","category-publications"],"_links":{"self":[{"href":"https:\/\/www.nominaurea.pt\/en\/wp-json\/wp\/v2\/posts\/2447","targetHints":{"allow":["GET"]}}],"collection":[{"href":"https:\/\/www.nominaurea.pt\/en\/wp-json\/wp\/v2\/posts"}],"about":[{"href":"https:\/\/www.nominaurea.pt\/en\/wp-json\/wp\/v2\/types\/post"}],"author":[{"embeddable":true,"href":"https:\/\/www.nominaurea.pt\/en\/wp-json\/wp\/v2\/users\/2"}],"replies":[{"embeddable":true,"href":"https:\/\/www.nominaurea.pt\/en\/wp-json\/wp\/v2\/comments?post=2447"}],"version-history":[{"count":1,"href":"https:\/\/www.nominaurea.pt\/en\/wp-json\/wp\/v2\/posts\/2447\/revisions"}],"predecessor-version":[{"id":2462,"href":"https:\/\/www.nominaurea.pt\/en\/wp-json\/wp\/v2\/posts\/2447\/revisions\/2462"}],"wp:attachment":[{"href":"https:\/\/www.nominaurea.pt\/en\/wp-json\/wp\/v2\/media?parent=2447"}],"wp:term":[{"taxonomy":"category","embeddable":true,"href":"https:\/\/www.nominaurea.pt\/en\/wp-json\/wp\/v2\/categories?post=2447"},{"taxonomy":"post_tag","embeddable":true,"href":"https:\/\/www.nominaurea.pt\/en\/wp-json\/wp\/v2\/tags?post=2447"}],"curies":[{"name":"wp","href":"https:\/\/api.w.org\/{rel}","templated":true}]}}