{"id":2352,"date":"2022-12-28T09:53:27","date_gmt":"2022-12-28T09:53:27","guid":{"rendered":"https:\/\/www.nominaurea.pt\/noticias\/atualizacao-do-valor-da-retribuicao-minima-mensal-garantida-para-o-ano-2023\/"},"modified":"2025-10-21T14:35:36","modified_gmt":"2025-10-21T14:35:36","slug":"atualizacao-do-valor-da-retribuicao-minima-mensal-garantida-para-o-ano-2023","status":"publish","type":"post","link":"https:\/\/www.nominaurea.pt\/en\/noticias\/atualizacao-do-valor-da-retribuicao-minima-mensal-garantida-para-o-ano-2023\/","title":{"rendered":"Atualiza\u00e7\u00e3o do valor da retribui\u00e7\u00e3o m\u00ednima mensal garantida para o ano 2023"},"content":{"rendered":"<h5 class=\"bto-encabezamiento\" style=\"text-align: justify;\">Flash Not\u00edcias NA 21\/2022<\/h5>\n<h5 style=\"text-align: justify;\">Atualiza\u00e7\u00e3o do valor da retribui\u00e7\u00e3o m\u00ednima mensal garantida para o ano 2023<\/h5>\n<p><span lang=\"PT\">A partir de 1 de janeiro de 2023, o valor da retribui\u00e7\u00e3o m\u00ednima mensal ser\u00e1 atualizado de \u20ac705,00 para \u20ac 760,00.<\/span><\/p>\n<p>Como habitualmente nesta \u00e9poca, foi anunciado pelo Governo portugu\u00eas a atualiza\u00e7\u00e3o do valor da retribui\u00e7\u00e3o m\u00ednima mensal para \u20ac 760,00 (setecentos e sessenta euros) a partir do dia 01 de janeiro de 2023.<\/p>\n<p>Esta altera\u00e7\u00e3o est\u00e1 j\u00e1 prevista na lei, nomeadamente no Decreto-Lei n.\u00ba 85-A\/2022 de 22 de dezembro.<\/p>\n<p>Na Nominaurea queremos que esteja a par de todas as altera\u00e7\u00f5es legislativas que t\u00eam impacto na sua empresa. Aguardamos o seu contacto!<\/p>\n","protected":false},"excerpt":{"rendered":"<p>Flash Not\u00edcias NA 21\/2022 Atualiza\u00e7\u00e3o do valor da retribui\u00e7\u00e3o m\u00ednima mensal garantida para o ano 2023 A partir de 1 de janeiro de 2023, o valor da retribui\u00e7\u00e3o m\u00ednima mensal ser\u00e1 atualizado de \u20ac705,00 para \u20ac 760,00. Como habitualmente nesta \u00e9poca, foi anunciado pelo Governo portugu\u00eas a atualiza\u00e7\u00e3o do valor da retribui\u00e7\u00e3o m\u00ednima mensal para [&hellip;]<\/p>\n","protected":false},"author":2,"featured_media":0,"comment_status":"closed","ping_status":"open","sticky":false,"template":"","format":"standard","meta":{"footnotes":""},"categories":[1],"tags":[],"class_list":["post-2352","post","type-post","status-publish","format-standard","hentry","category-publications"],"_links":{"self":[{"href":"https:\/\/www.nominaurea.pt\/en\/wp-json\/wp\/v2\/posts\/2352","targetHints":{"allow":["GET"]}}],"collection":[{"href":"https:\/\/www.nominaurea.pt\/en\/wp-json\/wp\/v2\/posts"}],"about":[{"href":"https:\/\/www.nominaurea.pt\/en\/wp-json\/wp\/v2\/types\/post"}],"author":[{"embeddable":true,"href":"https:\/\/www.nominaurea.pt\/en\/wp-json\/wp\/v2\/users\/2"}],"replies":[{"embeddable":true,"href":"https:\/\/www.nominaurea.pt\/en\/wp-json\/wp\/v2\/comments?post=2352"}],"version-history":[{"count":2,"href":"https:\/\/www.nominaurea.pt\/en\/wp-json\/wp\/v2\/posts\/2352\/revisions"}],"predecessor-version":[{"id":2374,"href":"https:\/\/www.nominaurea.pt\/en\/wp-json\/wp\/v2\/posts\/2352\/revisions\/2374"}],"wp:attachment":[{"href":"https:\/\/www.nominaurea.pt\/en\/wp-json\/wp\/v2\/media?parent=2352"}],"wp:term":[{"taxonomy":"category","embeddable":true,"href":"https:\/\/www.nominaurea.pt\/en\/wp-json\/wp\/v2\/categories?post=2352"},{"taxonomy":"post_tag","embeddable":true,"href":"https:\/\/www.nominaurea.pt\/en\/wp-json\/wp\/v2\/tags?post=2352"}],"curies":[{"name":"wp","href":"https:\/\/api.w.org\/{rel}","templated":true}]}}